{"id":29077,"date":"2024-01-09T15:02:32","date_gmt":"2024-01-09T18:02:32","guid":{"rendered":"https:\/\/www.ateliecomvoce.com.br\/?p=29077"},"modified":"2025-10-07T13:01:30","modified_gmt":"2025-10-07T16:01:30","slug":"2019-11-19-novembro-10o-festival-de-cursos-de-artesanato-2-5","status":"publish","type":"post","link":"https:\/\/www.ateliecomvoce.com.br\/?p=29077","title":{"rendered":"Novembro &#8211; 14\u00ba Festival de Cursos de Artesanato"},"content":{"rendered":"<p><img loading=\"lazy\" decoding=\"async\" width=\"1020\" height=\"471\" src=\"https:\/\/www.ateliecomvoce.com.br\/wp-content\/uploads\/2024\/01\/14o-1024x473.png\" alt=\"\" srcset=\"https:\/\/www.ateliecomvoce.com.br\/wp-content\/uploads\/2024\/01\/14o-1024x473.png 1024w, https:\/\/www.ateliecomvoce.com.br\/wp-content\/uploads\/2024\/01\/14o-300x139.png 300w, https:\/\/www.ateliecomvoce.com.br\/wp-content\/uploads\/2024\/01\/14o-768x355.png 768w, https:\/\/www.ateliecomvoce.com.br\/wp-content\/uploads\/2024\/01\/14o.png 1379w\" sizes=\"auto, (max-width: 1020px) 100vw, 1020px\" \/>\t\t\t\t\t\t\t\t\t\t\t\t\t\t\t<\/p>\n<h1>14\u00ba Festival de Cursos de Artesanato<\/h1>\n<p><b>26 a 30 de Novembro 2025<\/b><\/p>\n<p>(quarta-feira a domingo)<\/p>\n<p>\t\t\t\t\t<a href=\"http:\/\/bit.ly\/3sLFFp4\" target=\"_blank\"><br \/>\n\t\t\t\t\t\t\t\t\tConsulte nossos pre\u00e7os<br \/>\n\t\t\t\t\t<\/a><br \/>\n\t\t\t\t\t\t\t\t\tGeral<br \/>\n\t\t\t\t\t\t\t\t\tPacotes<br \/>\n\t\t\t\t\t\t\t\t\tCursos<br \/>\n\t\t\t\t\t\t\t\t\tHotel<br \/>\n\t\t\t\t\t\t\t\t\tRegulamento<br \/>\n\t\t\t\t\t\t\t\t\tGeral<\/p>\n<p>Data: 26 a 30 de Novembro de 2025<\/p>\n<p>(quarta-feira a domingo)<\/p>\n<p><strong>Todos os pacotes incluem:\u00a0<\/strong><\/p>\n<ul>\n<li>\u00a0Hospedagem no Hotel Majestic;<\/li>\n<li>\u00a0Pens\u00e3o completa \u2013 Caf\u00e9 da manh\u00e3, almo\u00e7o e jantar (exceto bebidas);<\/li>\n<li>\u00a0Coffee breaks entre os cursos;<\/li>\n<li>\u00a08 cursos com dura\u00e7\u00e3o de 2h30min cada;<\/li>\n<li>\u00a0Material dos cursos;<\/li>\n<li>Programa\u00e7\u00e3o de lazer (Bingo, Karaok\u00ea e etc.);<\/li>\n<\/ul>\n<p>**Pacotes e quartos sujeito a disponibilidade e tarifas podem sofrer altera\u00e7\u00f5es sem aviso pr\u00e9vio.<\/p>\n<p>\t\t\t\t\t\t\t\t\tPacotes<\/p>\n<p><em>*(Parcelamento no Cart\u00e3o de Cr\u00e9dito \u2013 Dinners, Visa, MasterCard.<\/em><em>)<\/em><\/p>\n<p>**Pacotes e quartos sujeito a disponibilidade e tarifas podem sofrer altera\u00e7\u00f5es sem aviso pr\u00e9vio.<\/p>\n<p>Tratar pelo telefone (11) 95248-1305 ou com a Consultora da sua regi\u00e3o.<br \/>\n\t\t\t\t\t\t\t\t\tCursos<\/p>\n<p style=\"text-align: center;\"><strong>M\u00f4nica Faria<\/strong><\/p>\n<p style=\"text-align: center;\"><img loading=\"lazy\" decoding=\"async\" src=\"https:\/\/www.ateliecomvoce.com.br\/wp-content\/uploads\/2025\/07\/Monica-202x300.jpeg\" alt=\"\" width=\"202\" height=\"300\" \/><\/p>\n<p style=\"text-align: center;\"><strong>Juliana Penhorate<\/strong><\/p>\n<p style=\"text-align: center;\"><img loading=\"lazy\" decoding=\"async\" src=\"https:\/\/www.ateliecomvoce.com.br\/wp-content\/uploads\/2025\/07\/Penhorate-260x300.jpeg\" alt=\"\" width=\"260\" height=\"300\" \/><\/p>\n<p style=\"text-align: center;\"><strong>Rejane Viana<\/strong><\/p>\n<p style=\"text-align: center;\"><img loading=\"lazy\" decoding=\"async\" src=\"https:\/\/www.ateliecomvoce.com.br\/wp-content\/uploads\/2025\/07\/Rejane-225x300.jpeg\" alt=\"\" width=\"225\" height=\"300\" \/><\/p>\n<p style=\"text-align: center;\"><strong>Rose Rodrigues<\/strong><\/p>\n<p style=\"text-align: center;\"><img loading=\"lazy\" decoding=\"async\" src=\"https:\/\/www.ateliecomvoce.com.br\/wp-content\/uploads\/2025\/07\/Rose-Rodrigues-225x300.jpeg\" alt=\"\" width=\"225\" height=\"300\" \/><\/p>\n<p style=\"text-align: center;\"><strong>Alessandra Love Craft Atelier<\/strong><\/p>\n<p style=\"text-align: center;\"><img loading=\"lazy\" decoding=\"async\" src=\"https:\/\/www.ateliecomvoce.com.br\/wp-content\/uploads\/2025\/07\/Alessandra-Love-Craft-Atelier-213x300.jpeg\" alt=\"\" width=\"213\" height=\"300\" \/><\/p>\n<p style=\"text-align: center;\"><strong>Amei Garcia<\/strong><\/p>\n<p style=\"text-align: center;\"><img loading=\"lazy\" decoding=\"async\" src=\"https:\/\/www.ateliecomvoce.com.br\/wp-content\/uploads\/2025\/07\/Amei-225x300.jpeg\" alt=\"\" width=\"225\" height=\"300\" \/><\/p>\n<p style=\"text-align: center;\"><strong>Ana Helena Abreu<\/strong><\/p>\n<p style=\"text-align: center;\"><img loading=\"lazy\" decoding=\"async\" src=\"https:\/\/www.ateliecomvoce.com.br\/wp-content\/uploads\/2025\/07\/Ana-Helena-233x300.jpeg\" alt=\"\" width=\"233\" height=\"300\" \/><\/p>\n<p style=\"text-align: center;\"><strong>Claudia Maria<\/strong><\/p>\n<p style=\"text-align: center;\"><img loading=\"lazy\" decoding=\"async\" src=\"https:\/\/www.ateliecomvoce.com.br\/wp-content\/uploads\/2025\/07\/Claudia-Maria-256x300.jpeg\" alt=\"\" width=\"256\" height=\"300\" \/><\/p>\n<p style=\"text-align: center;\"><strong>Daia Casagrande (ESGOTADO)<\/strong><\/p>\n<p style=\"text-align: center;\"><img loading=\"lazy\" decoding=\"async\" src=\"https:\/\/www.ateliecomvoce.com.br\/wp-content\/uploads\/2025\/07\/Daia-253x300.jpeg\" alt=\"\" width=\"253\" height=\"300\" \/><\/p>\n<p style=\"text-align: center;\"><strong>Elaine Redhd (ESGOTADO)<\/strong><\/p>\n<p style=\"text-align: center;\"><img loading=\"lazy\" decoding=\"async\" src=\"https:\/\/www.ateliecomvoce.com.br\/wp-content\/uploads\/2025\/07\/elaine-147x300.jpeg\" alt=\"\" width=\"204\" height=\"416\" \/><\/p>\n<p style=\"text-align: center;\"><strong>Eliana Candido<\/strong><\/p>\n<p style=\"text-align: center;\"><img loading=\"lazy\" decoding=\"async\" src=\"https:\/\/www.ateliecomvoce.com.br\/wp-content\/uploads\/2025\/07\/Eliana-Candido-215x300.jpeg\" alt=\"\" width=\"215\" height=\"300\" \/><\/p>\n<p style=\"text-align: center;\"><strong>Fabianno Oliveira (ESGOTADO)<\/strong><\/p>\n<p style=\"text-align: center;\"><img loading=\"lazy\" decoding=\"async\" src=\"https:\/\/www.ateliecomvoce.com.br\/wp-content\/uploads\/2025\/07\/Fabianno-281x300.jpeg\" alt=\"\" width=\"281\" height=\"300\" \/><\/p>\n<p style=\"text-align: center;\"><strong>Flavia Alecrim (ESGOTADO)<\/strong><\/p>\n<p style=\"text-align: center;\"><img loading=\"lazy\" decoding=\"async\" src=\"https:\/\/www.ateliecomvoce.com.br\/wp-content\/uploads\/2025\/07\/Flavia-295x300.jpeg\" alt=\"\" width=\"295\" height=\"300\" \/><\/p>\n<p style=\"text-align: center;\"><strong>Magali Jeremias<\/strong><\/p>\n<p><img loading=\"lazy\" decoding=\"async\" src=\"https:\/\/www.ateliecomvoce.com.br\/wp-content\/uploads\/2025\/07\/Magali-Nova-225x300.jpeg\" alt=\"\" width=\"225\" height=\"300\" \/><\/p>\n<p style=\"text-align: center;\"><strong>Mara Fernandes<\/strong><\/p>\n<p style=\"text-align: center;\"><img loading=\"lazy\" decoding=\"async\" src=\"https:\/\/www.ateliecomvoce.com.br\/wp-content\/uploads\/2025\/07\/Mara-Fernandes-165x300.jpeg\" alt=\"\" width=\"165\" height=\"300\" \/><\/p>\n<p style=\"text-align: center;\"><strong>M\u00e1rcia Betschart (ESGOTADO)<\/strong><\/p>\n<p style=\"text-align: center;\"><img loading=\"lazy\" decoding=\"async\" src=\"https:\/\/www.ateliecomvoce.com.br\/wp-content\/uploads\/2025\/08\/Marcia-Betschart-280x300.jpeg\" alt=\"\" width=\"280\" height=\"300\" \/><\/p>\n<p style=\"text-align: center;\"><b>Maria Thereza Toledo<\/b><\/p>\n<p style=\"text-align: center;\"><img loading=\"lazy\" decoding=\"async\" style=\"font-size: 14.4px;\" src=\"https:\/\/www.ateliecomvoce.com.br\/wp-content\/uploads\/2025\/07\/maria-thereza-231x300.jpeg\" alt=\"\" width=\"231\" height=\"300\" \/><\/p>\n<p style=\"text-align: center;\"><strong>Marisa Magalh\u00e3es<\/strong><\/p>\n<p style=\"text-align: center;\"><img loading=\"lazy\" decoding=\"async\" src=\"https:\/\/www.ateliecomvoce.com.br\/wp-content\/uploads\/2025\/07\/Marisa-288x300.jpeg\" alt=\"\" width=\"288\" height=\"300\" \/><\/p>\n<p style=\"text-align: center;\"><strong>M\u00e1rcio Massad (ESGOTADO)<\/strong><\/p>\n<p style=\"text-align: center;\"><img loading=\"lazy\" decoding=\"async\" src=\"https:\/\/www.ateliecomvoce.com.br\/wp-content\/uploads\/2025\/07\/Massad-181x300.jpeg\" alt=\"\" width=\"181\" height=\"300\" \/><\/p>\n<p style=\"text-align: center;\"><strong>Moleque Arteiro (Johnatan Corr\u00eaa)<\/strong><\/p>\n<p style=\"text-align: center;\"><img loading=\"lazy\" decoding=\"async\" src=\"https:\/\/www.ateliecomvoce.com.br\/wp-content\/uploads\/2025\/07\/Moleque-225x300.jpeg\" alt=\"\" width=\"225\" height=\"300\" \/><\/p>\n<p style=\"text-align: center;\"><strong>Paula e Cris Kondo (ESGOTADO)<\/strong><\/p>\n<p><img loading=\"lazy\" decoding=\"async\" src=\"https:\/\/www.ateliecomvoce.com.br\/wp-content\/uploads\/2025\/10\/Captura-de-tela-2025-10-07-120616-243x300.png\" alt=\"\" width=\"243\" height=\"300\" \/><\/p>\n<p>\t\t\t\t\t\t\t\t\tHotel<\/p>\n<p>\u00a0 \u00a0 \u00a0 \u00a0 \u00a0 \u00a0 \u00a0 \u00a0 \u00a0 \u00a0 \u00a0 \u00a0 \u00a0 \u00a0 \u00a0 \u00a0 \u00a0 \u00a0 \u00a0 \u00a0 \u00a0 \u00a0 \u00a0 \u00a0 \u00a0 \u00a0 \u00a0 \u00a0 \u00a0 \u00a0 <strong>Hotel Majestic<\/strong><\/p>\n<p>Um dos mais tradicionais Hot\u00e9is de \u00c1guas de Lind\u00f3ia, o Hotel Majestic \u00e9 uma \u00f3tima op\u00e7\u00e3o para hospedagem com divers\u00e3o garantida. Ser\u00e1 uma experi\u00eancia \u00fanica!<br \/>O sistema de pens\u00e3o completa est\u00e1 presente em todos os pacotes. Possui em seu restaurante uma tradicional e saborosa gastronomia em estilo comfort food para voc\u00ea relembrar os melhores momentos da vida.<\/p>\n<p><img loading=\"lazy\" decoding=\"async\" src=\"https:\/\/www.ateliecomvoce.com.br\/wp-content\/uploads\/2024\/01\/62966604-300x199.jpg\" alt=\"\" width=\"300\" height=\"199\" \/><\/p>\n<p>\t\t\t\t\t\t\t\t\tRegulamento<\/p>\n<p>Em caso de pagamento efetuado atrav\u00e9s de boleto banc\u00e1rio:<\/p>\n<p>1.1) A conclus\u00e3o da \u00a0inscri\u00e7\u00e3o ser\u00e1 confirmada no pagamento da \u00faltima parcela<br \/>referente ao valor do pacote escolhido.<br \/>1.2) N\u00e3o poder\u00e3o embarcar nos \u00f4nibus e nem dar entrada no Hotel os inscritos que n\u00e3o estiverem com o valor do pacote quitado at\u00e9 um dia antes<br \/>do in\u00edcio do evento.<br \/>2)Para \u00a0acompanhantes que queiram participar do evento Ateli\u00ea com Voc\u00ea e n\u00e3o participar dos cursos, temos pre\u00e7os diferenciados.<br \/>3) Pol\u00edtica de Multas e Cancelamentos \u2013 por iniciativa do inscrito\/usu\u00e1rio:<br \/>Eventos nacionais sem passagem a\u00e9rea:<br \/>Pol\u00edtica de cancelamento reembolso:<br \/>-ate 60 dias antes do evento taxa de 30% do valor do pacote;<br \/>-de 60 ate 30 dias antes do evento taxa de 50% do valor do pacote;<br \/>-de 30 dias ate a data do evento taxa de 100% do valor do pacote.<\/p>\n<p>Pol\u00edtica de cancelamento cr\u00e9dito na empresa:<br \/>-ate 60 dias antes do evento taxa de 15% do valor do pacote;<br \/>-de 60 ate 20 dias antes do evento taxa de 30% do valor do pacote;<br \/>-de 20 dias ate a data do evento taxa de 35% do valor do pacote, saldo ser\u00e1 convertido em cr\u00e9dito para transferir pra outro evento.4. Pol\u00edtica de Multas e Cancelamentos \u2013 por iniciativa do inscrito\/usu\u00e1rio:<br \/>Eventos nacionais com passagem a\u00e9rea, somente a parte terrestre:<\/p>\n<p>4.1) Cancelamento com ressarcimento de valores pacotes nacionais com passagem, \u00a0caso a(o) inscrita(o) queira ressarcimento de valores ap\u00f3s o cancelamento do seu pacote:<br \/>\u00a0\u00a0\u00a0 De 59 a 45 dias antes do evento: ter\u00e1 50% de penalidade do valor do pacote adquirido;<br \/>\u00a0\u00a0\u00a0 De 44 a 15 \u00a0dias antes do evento: ter\u00e1 75% de penalidade do valor do pacote adquirido;<br \/>\u00a0\u00a0\u00a0 De 14 a at\u00e9 a data da sa\u00edda: 100% de penalidade do valor do pacote adquirido.<br \/>4.2) Cancelamento com troca de evento pela participante, caso a participante n\u00e3o possa comparecer e opte por troca de evento, somente a parte terrestre:<br \/>\u00a0\u00a0\u00a0 De 59 a 45 dias antes do evento: R$ 2000,00.<br \/>\u00a0\u00a0\u00a0 De 45 a 31 dias antes do evento: R$ 3000,00.<br \/>\u00a0\u00a0\u00a0 De 14 a at\u00e9 a data da sa\u00edda: 100% de penalidade do valor do pacote adquirido.<br \/>O credito \u00a0remanescente poder\u00e1 ser utilizado para outro evento dentro de 1 hum ano.<\/p>\n<p>5) Substitui\u00e7\u00e3o por outra pessoa, pacotes nacionais sem aereo:<br \/>Caso haja desist\u00eancia\/cancelamento por parte do inscrito, a (o) participante poder\u00e1 providenciar, em tempo h\u00e1bil, sua substitui\u00e7\u00e3o por outra(o) participante,<br \/>nas mesmas condi\u00e7\u00f5es contratadas. Lembrando que se o pacote n\u00e3o for para quarto individual, a(o) nova(o) participante dever\u00e1 ser do mesmo sexo que a(o)<br \/>ex- inscrita(o), pois ir\u00e1 dividir o quarto com demais participantes;<br \/>Valor por troca de nome:<br \/>at\u00e9 30 dias antes do evento: R$50,00<br \/>De 30 dias at\u00e9 a data da sa\u00edda:\u00a0\u00a0 R$100,00.<br \/>6. Cancelamento com ressarcimento de valores pacotes internacionais com passagem, \u00a0caso a(o) inscrita(o) queira ressarcimento de valores ap\u00f3s o cancelamento do seu pacote:<br \/>\u00a0\u00a0\u00a0 De 90 a 71 dias antes do evento: ter\u00e1 60% de penalidade do valor do pacote adquirido;<br \/>\u00a0\u00a0\u00a0 De 70 a 50 \u00a0dias antes do evento: ter\u00e1 80% de penalidade do valor do pacote adquirido;<br \/>\u00a0\u00a0\u00a0 De 49 a at\u00e9 a data da sa\u00edda: 100% de penalidade do valor do pacote adquirido.<br \/>7) Pol\u00edtica de Cancelamento \u2013 por iniciativa da ag\u00eancia:<br \/>7.1) Oferecimento de cr\u00e9dito ao usu\u00e1rio, correspondente \u00e0s import\u00e2ncias efetivamente pagas por este, sob a forma de participa\u00e7\u00e3o em outro programa tur\u00edstico;<\/p>\n<p>7.2) Outro acordo com o usu\u00e1rio, que preveja, inclusive, a devolu\u00e7\u00e3o da import\u00e2ncia paga.<br \/>8) Crian\u00e7as maiores de 12 anos, devidamente acompanhadas pelo respons\u00e1vel, poder\u00e3o se inscrever no evento para participar dos cursos com o mesmo valor de um<br \/>adulto. Crian\u00e7as abaixo de 12 anos poder\u00e3o ir devidamente acompanhadas do respons\u00e1vel ao hotel, por\u00e9m n\u00e3o poder\u00e3o participar dos cursos.<br \/>Favor consultar pre\u00e7os e condi\u00e7\u00f5es em Pacotes. A nossa sugest\u00e3o, para o melhor aproveitamento do evento, \u00e9 que se programem com anteced\u00eancia para irem sem os pequenos.<br \/>9) Caso haja participantes que queiram ficar hospedadas(os) juntamente com outras(os) nos quartos, dever\u00e3o, na hora da inscri\u00e7\u00e3o, preencher ou comunicar o nome e CPF da (o)<br \/>participante com quem deseja se hospedar no campo de Observa\u00e7\u00e3o.<br \/>10) Todos os materiais necess\u00e1rios para a confec\u00e7\u00e3o das pe\u00e7as nos cursos est\u00e3o inclusos nos pacotes. Apenas os materiais de apoio (tesouras, r\u00e9guas, cortadores, pinceis, maquinas de costura&#8230;) n\u00e3o poder\u00e3o ser retirados das salas de aula, pois ser\u00e3o utilizados por todos os grupos participantes do curso.<br \/>11) Caso seja feita uma inscri\u00e7\u00e3o individual em quarto duplo, triplo ou qu\u00e1druplo e n\u00e3o seja especificado se h\u00e1 interesse em ficar hospedado com outro participante,<br \/>conforme item 9, a equipe do Ateli\u00ea com Voc\u00ea ir\u00e1 acomod\u00e1-lo (a) com outro(s) participante(s) do evento, de acordo com o tipo de quarto escolhido.<br \/>12) Animais n\u00e3o poder\u00e3o ser levados ao hotel.<br \/>13) A compra do pacote Ateli\u00ea com Voc\u00ea poder\u00e1 ser realizada atrav\u00e9s do site www.ateliecomvoce.com.br ou atrav\u00e9s dos telefones: (11) 3888-1308.<br \/>14) Em eventos nacionais sem a\u00e9reo, caso participante \u00a0venha de outro estado , nao nos responsabilizaremos por atrasos de v\u00f4os das companhias a\u00e9reas. Estaremos dando todo suporte com nossos guias nos aeroportos , sendo que caso a (o) participante perca o transporte oferecido por nossa empresa nos pontos de sa\u00edda, \u00e9 de total responsabilidade do cliente a ida do mesmo ao local do evento.<br \/>15) Os professores, t\u00e9cnicas e pe\u00e7as poder\u00e3o sofrer altera\u00e7\u00f5es sem pr\u00e9vio aviso. Caso ocorra, iremos informar os inscritos nestes cursos que forem afetados pelas mudan\u00e7as para buscar melhores alternativas.<br \/>16) Todas as malas levadas ao evento dever\u00e3o estar com o identificador fornecido na chegada ao Ponto de Encontro ou Hotel, pois ir\u00e1 conter seu nome e n\u00famero de quarto que ficar\u00e1 hospedado.<br \/>17) Moradores da cidade do evento ou proximidades ter\u00e3o pre\u00e7os especiais de pacotes que n\u00e3o incluem hospedagem e podem ou n\u00e3o incluir as alimenta\u00e7\u00f5es.<br \/>18) A escolha do local do ponto de encontro dever\u00e1 ser feita no momento da inscri\u00e7\u00e3o e confirmada por escrito para valida\u00e7\u00e3o. Qualquer troca de local de ponto de encontro ter\u00e1 uma data limite de at\u00e9<br \/>60 dias antes do evento para ser efetuada, ap\u00f3s este per\u00edodo poder\u00e1 ser feita apenas mediante pagamento de taxa. N\u00e3o poder\u00e3o ser feitas trocas durante o evento.<br \/>19) Caso a (o) inscrita (o) tenha alguma dificuldade de locomo\u00e7\u00e3o ou necessidade especial, dever\u00e1 comunicar no momento da inscri\u00e7\u00e3o.<\/p>\n<p>Atenciosamente,<br \/>EQUIPE ATELIE NA TV<\/p>\n<p>\t\t\t\t\t\t\t\t\t\t\t\t\t\t\t<img loading=\"lazy\" decoding=\"async\" width=\"1020\" height=\"677\" src=\"https:\/\/www.ateliecomvoce.com.br\/wp-content\/uploads\/2024\/01\/62966604.jpg\" alt=\"\" srcset=\"https:\/\/www.ateliecomvoce.com.br\/wp-content\/uploads\/2024\/01\/62966604.jpg 1024w, https:\/\/www.ateliecomvoce.com.br\/wp-content\/uploads\/2024\/01\/62966604-300x199.jpg 300w, https:\/\/www.ateliecomvoce.com.br\/wp-content\/uploads\/2024\/01\/62966604-768x510.jpg 768w\" sizes=\"auto, (max-width: 1020px) 100vw, 1020px\" \/><br \/>\n\t\t\t\t\t\t\t\t\t\t\t\t\t\t\t<img loading=\"lazy\" decoding=\"async\" width=\"1020\" height=\"681\" src=\"https:\/\/www.ateliecomvoce.com.br\/wp-content\/uploads\/2023\/09\/ED1_1119-1024x684.jpg\" alt=\"\" srcset=\"https:\/\/www.ateliecomvoce.com.br\/wp-content\/uploads\/2023\/09\/ED1_1119-1024x684.jpg 1024w, https:\/\/www.ateliecomvoce.com.br\/wp-content\/uploads\/2023\/09\/ED1_1119-300x200.jpg 300w, https:\/\/www.ateliecomvoce.com.br\/wp-content\/uploads\/2023\/09\/ED1_1119-768x513.jpg 768w, https:\/\/www.ateliecomvoce.com.br\/wp-content\/uploads\/2023\/09\/ED1_1119-1536x1025.jpg 1536w, https:\/\/www.ateliecomvoce.com.br\/wp-content\/uploads\/2023\/09\/ED1_1119-2048x1367.jpg 2048w\" sizes=\"auto, (max-width: 1020px) 100vw, 1020px\" \/><br \/>\n\t\t\t\t\t\t\t\t\t\t\t\t\t\t\t<img loading=\"lazy\" decoding=\"async\" width=\"1020\" height=\"681\" src=\"https:\/\/www.ateliecomvoce.com.br\/wp-content\/uploads\/2023\/09\/ED1_0535-1024x684.jpg\" alt=\"\" srcset=\"https:\/\/www.ateliecomvoce.com.br\/wp-content\/uploads\/2023\/09\/ED1_0535-1024x684.jpg 1024w, https:\/\/www.ateliecomvoce.com.br\/wp-content\/uploads\/2023\/09\/ED1_0535-300x200.jpg 300w, https:\/\/www.ateliecomvoce.com.br\/wp-content\/uploads\/2023\/09\/ED1_0535-768x513.jpg 768w, https:\/\/www.ateliecomvoce.com.br\/wp-content\/uploads\/2023\/09\/ED1_0535-1536x1025.jpg 1536w, https:\/\/www.ateliecomvoce.com.br\/wp-content\/uploads\/2023\/09\/ED1_0535-2048x1367.jpg 2048w\" sizes=\"auto, (max-width: 1020px) 100vw, 1020px\" \/><\/p>\n","protected":false},"excerpt":{"rendered":"<p>14\u00ba Festival de Cursos de Artesanato 26 a 30 de Novembro 2025 (quarta-feira a domingo) Consulte nossos pre\u00e7os Geral Pacotes Cursos Hotel Regulamento Geral Data: 26 a 30 de Novembro de 2025 (quarta-feira a domingo) Todos os pacotes incluem:\u00a0 \u00a0Hospedagem no Hotel Majestic; \u00a0Pens\u00e3o completa \u2013 Caf\u00e9 da manh\u00e3, almo\u00e7o e jantar (exceto bebidas); \u00a0Coffee [&#8230;]\n","protected":false},"author":837468,"featured_media":35640,"comment_status":"closed","ping_status":"closed","sticky":false,"template":"","format":"standard","meta":{"om_disable_all_campaigns":false,"_monsterinsights_skip_tracking":false,"_monsterinsights_sitenote_active":false,"_monsterinsights_sitenote_note":"","_monsterinsights_sitenote_category":0,"footnotes":""},"categories":[50],"tags":[],"class_list":["post-29077","post","type-post","status-publish","format-standard","has-post-thumbnail","hentry","category-eventos-realizados"],"amp_enabled":true,"_links":{"self":[{"href":"https:\/\/www.ateliecomvoce.com.br\/index.php?rest_route=\/wp\/v2\/posts\/29077","targetHints":{"allow":["GET"]}}],"collection":[{"href":"https:\/\/www.ateliecomvoce.com.br\/index.php?rest_route=\/wp\/v2\/posts"}],"about":[{"href":"https:\/\/www.ateliecomvoce.com.br\/index.php?rest_route=\/wp\/v2\/types\/post"}],"author":[{"embeddable":true,"href":"https:\/\/www.ateliecomvoce.com.br\/index.php?rest_route=\/wp\/v2\/users\/837468"}],"replies":[{"embeddable":true,"href":"https:\/\/www.ateliecomvoce.com.br\/index.php?rest_route=%2Fwp%2Fv2%2Fcomments&post=29077"}],"version-history":[{"count":53,"href":"https:\/\/www.ateliecomvoce.com.br\/index.php?rest_route=\/wp\/v2\/posts\/29077\/revisions"}],"predecessor-version":[{"id":37214,"href":"https:\/\/www.ateliecomvoce.com.br\/index.php?rest_route=\/wp\/v2\/posts\/29077\/revisions\/37214"}],"wp:featuredmedia":[{"embeddable":true,"href":"https:\/\/www.ateliecomvoce.com.br\/index.php?rest_route=\/wp\/v2\/media\/35640"}],"wp:attachment":[{"href":"https:\/\/www.ateliecomvoce.com.br\/index.php?rest_route=%2Fwp%2Fv2%2Fmedia&parent=29077"}],"wp:term":[{"taxonomy":"category","embeddable":true,"href":"https:\/\/www.ateliecomvoce.com.br\/index.php?rest_route=%2Fwp%2Fv2%2Fcategories&post=29077"},{"taxonomy":"post_tag","embeddable":true,"href":"https:\/\/www.ateliecomvoce.com.br\/index.php?rest_route=%2Fwp%2Fv2%2Ftags&post=29077"}],"curies":[{"name":"wp","href":"https:\/\/api.w.org\/{rel}","templated":true}]}}